{"id":146,"date":"2021-12-29T09:43:39","date_gmt":"2021-12-29T09:43:39","guid":{"rendered":"https:\/\/portal.nskrug.org\/?p=146"},"modified":"2022-01-06T08:35:15","modified_gmt":"2022-01-06T08:35:15","slug":"jasna-dukic-zaljubljenik-u-sve-skriveno","status":"publish","type":"post","link":"https:\/\/portal.nskrug.org\/index.php\/2021\/12\/29\/jasna-dukic-zaljubljenik-u-sve-skriveno\/","title":{"rendered":"Jasna \u0110uki\u0107 \u2013 zaljubljenik u sve skriveno"},"content":{"rendered":"\n<p><em>Zatvaram o\u010di pred svetom da bih ga spoznala i nalazim sebe u svemu \u0161to me okru\u017euje. Ja sam Shiva, teku\u0107i \u017eivot. Shiva Nika.<\/em><\/p>\n\n\n\n<p>Pesnikinja Nika Jasna \u0110uki\u0107 koja prou\u010dava nebeska tela i njihov uticaj, slikarka koja u\u017eiva u plesu sa \u010detkicom, bila je na\u0161 sagovornik. Nika \u0161eta kroz druge dimenzije i svojom kreativno\u0161\u0107u otkriva skrivene ponore.<\/p>\n\n\n\n<ul><li>Kada ste napisali svoju prvu knjigu i kako posmatrate na svoje pesni\u010dko kretanje? <\/li><\/ul>\n\n\n\n<p>Prvo, moram naglasiti da je moja prva objavljena knjiga pisana na po\u010detku dvadesetih, te da je prili\u010dno <em>zelena<\/em>, pionirska. Druga je ne\u0161to ozbiljnija, ali jo\u0161 uvek sam se tra\u017eila i igrala stilovima, temama, izrazima i metaforama. Iako ima kvalitetnih pesama u njoj koje li\u010de na ove sada\u0161nje, ipak, ne mogu re\u0107i da sam to ja pribli\u017eno svom maksimumu kada je poezija u pitanju. Tek tre\u0107a zbirka predstavlja moju spisateljsku zrelost. Ona govori o ljubavi izme\u0111u mu\u0161karca i \u017eene, tra\u017ee\u0107i bo\u017eanski smisao i dubinu kroz jednu realnu relaciju. Zapravo, ovo je poku\u0161aj da vole\u0107i \u010doveka\/\u017eenu osetim bo\u017eansku ljubav u izvornoj formi. Poku\u0161aj da volim jedno bi\u0107e makar malo nalik tome kako bi ga Bog voleo.<\/p>\n\n\n\n<ul><li><strong>Kome je posve\u0107ena?<\/strong><\/li><\/ul>\n\n\n\n<p>Moja poezija je tragala\u010dka, promi\u0161ljaju\u0107a. Smatram da nije za \u0161iru publiku. \u010citalac mora imati radoznalost, \u017eudnju za traganjem i volju za ljubavlju da bi razumeo moje stihove.&nbsp;<\/p>\n\n\n\n<ul><li><strong>Koja je tema knjige <em>Kosmi\u010dko tkanje<\/em>?<\/strong><\/li><\/ul>\n\n\n\n<p>Knjiga govori o osloba\u0111anju ljubavi. O ljubavi Agape. Govori i o Filosu. Poezija koja preispituje onostrano, ontolo\u0161ko, arhetipsko, i na kraju \u017eivot.<\/p>\n\n\n\n<ul><li>Korice Va\u0161e knjige su autenti\u010dne. Mo\u017eete li nam ne\u0161to re\u0107i o njima? <\/li><\/ul>\n\n\n\n<p>Na koricama su moje slike. Uvodi nas slika moje prijateljice u jednoj joga asani koja asocira na visoku skoncentrisanost na balans, kojim uzdi\u017ee svest simboli\u010dno kroz Gejzir ve\u010dnih, kako se slika i zove. Pozadi su oslikani \u0160iva i Parvati, oli\u010denje bo\u017eanskog para.<\/p>\n\n\n\n<ul><li><strong>\u010cime se bavite? Ka\u017eite nam ne\u0161to vi\u0161e o sebi.<\/strong><\/li><\/ul>\n\n\n\n<p>Knji\u017eevnost i slikarstvo su moj na\u010din izra\u017eavanja sebe u svetu. Poslovno sam astrolog, astroterapeut i regresoterapeut, iscelitelj.&nbsp;<\/p>\n\n\n\n<ul><li><strong>Kako je okolina reagovala na izlazak knjige?<\/strong><\/li><\/ul>\n\n\n\n<p>Povratne informacije o knjizi bile su zaista sjajne! Uglavnom su mi govorili kako je moje <em>Tkanje<\/em> gusto, te moraju vi\u0161e puta pro\u010ditati pesmu kako bi je shvatili i prepoznali neke nove momente u njoj. Ve\u0107inu ljudi navela je na razna promi\u0161ljanja, \u0161to me raduje.<\/p>\n\n\n\n<ul><li><strong>Da li ste zadovoljni saradnjom sa nama?<\/strong><\/li><\/ul>\n\n\n\n<p>Prezadovoljna sam saradnjom sa Novosadskim kulturno-obrazovnim krugom. Marija je veoma posve\u0107ena svom poslu, sve radi izuzetno temeljno i odgovorno. Dopada mi se na\u0161a saradnja, Marijine ideje i realizacije promocije, kao i marketin\u0161ki deo.&nbsp;<\/p>\n\n\n\n<ul><li><strong>\u0160ta biste poru\u010dili onima koji \u017eele da izdaju svoju prvu knjigu?<\/strong><\/li><\/ul>\n\n\n\n<p>Samo hrabro! I naravno, nastavljamo saradnju kroz moju \u010detvrtu knjigu koja je u pripremi. Boljeg izdava\u010da zaista ne bih mogla na\u0107i!<\/p>\n\n\n\n<p><a href=\"https:\/\/www.nskrug.org\/izdava%C5%A1tvo\">https:\/\/www.nskrug.org\/izdava%C5%A1tvo<\/a><\/p>\n","protected":false},"excerpt":{"rendered":"<p>Zatvaram o\u010di pred svetom da bih ga spoznala i nalazim sebe u svemu \u0161to me okru\u017euje. Ja sam Shiva, teku\u0107i \u017eivot. Shiva Nika. Pesnikinja Nika Jasna \u0110uki\u0107 koja prou\u010dava nebeska tela i njihov uticaj, slikarka koja u\u017eiva u plesu sa \u010detkicom, bila je na\u0161 sagovornik. Nika \u0161eta kroz druge dimenzije [&hellip;]<\/p>\n","protected":false},"author":3,"featured_media":149,"comment_status":"open","ping_status":"open","sticky":false,"template":"","format":"standard","meta":[],"categories":[3],"tags":[],"_links":{"self":[{"href":"https:\/\/portal.nskrug.org\/index.php\/wp-json\/wp\/v2\/posts\/146"}],"collection":[{"href":"https:\/\/portal.nskrug.org\/index.php\/wp-json\/wp\/v2\/posts"}],"about":[{"href":"https:\/\/portal.nskrug.org\/index.php\/wp-json\/wp\/v2\/types\/post"}],"author":[{"embeddable":true,"href":"https:\/\/portal.nskrug.org\/index.php\/wp-json\/wp\/v2\/users\/3"}],"replies":[{"embeddable":true,"href":"https:\/\/portal.nskrug.org\/index.php\/wp-json\/wp\/v2\/comments?post=146"}],"version-history":[{"count":5,"href":"https:\/\/portal.nskrug.org\/index.php\/wp-json\/wp\/v2\/posts\/146\/revisions"}],"predecessor-version":[{"id":194,"href":"https:\/\/portal.nskrug.org\/index.php\/wp-json\/wp\/v2\/posts\/146\/revisions\/194"}],"wp:featuredmedia":[{"embeddable":true,"href":"https:\/\/portal.nskrug.org\/index.php\/wp-json\/wp\/v2\/media\/149"}],"wp:attachment":[{"href":"https:\/\/portal.nskrug.org\/index.php\/wp-json\/wp\/v2\/media?parent=146"}],"wp:term":[{"taxonomy":"category","embeddable":true,"href":"https:\/\/portal.nskrug.org\/index.php\/wp-json\/wp\/v2\/categories?post=146"},{"taxonomy":"post_tag","embeddable":true,"href":"https:\/\/portal.nskrug.org\/index.php\/wp-json\/wp\/v2\/tags?post=146"}],"curies":[{"name":"wp","href":"https:\/\/api.w.org\/{rel}","templated":true}]}}